{"id":16272,"date":"2023-09-22T02:32:08","date_gmt":"2023-09-22T02:32:08","guid":{"rendered":"https:\/\/canalshowsport.com.ar\/?p=316897"},"modified":"2023-09-22T02:32:08","modified_gmt":"2023-09-22T02:32:08","slug":"doblete-de-vegetti-en-la-goleada-del-vasco-da-gama","status":"publish","type":"post","link":"https:\/\/economiapoliticacba.com\/?p=16272","title":{"rendered":"Doblete de Vegetti en la goleada del Vasco da Gama"},"content":{"rendered":"<div><img src=\"http:\/\/economiapoliticacba.com\/wp-content\/uploads\/2023\/09\/doblete-de-vegetti-en-la-goleada-del-vasco-da-gama.png\" class=\"ff-og-image-inserted\"><\/div>\n<p>El Vasco Da Gama, bajo la direcci\u00f3n de Ram\u00f3n D\u00edaz, contin\u00faa su lucha implacable por escapar de la zona de descenso en el Brasileirao. En el \u00faltimo partido de la jornada 24 del Brasileirao, el exjugador de Belgrano anot\u00f3 dos goles en la contundente victoria por 5-1 sobre Coritiba.<\/p>\n<p>El equipo dirigido por el estratega riojano ya estaba en ventaja gracias a los goles de Jos\u00e9 Gabriel y Rossi cuando Pablo Vegetti brill\u00f3 en la red con dos goles, a los cinco y dieciocho minutos del segundo tiempo, respectivamente. Sebasti\u00e1n G\u00f3mez descont\u00f3 para la visita, que cont\u00f3 con jugadores destacados como Marcelino Moreno, y Gabriel Pec sell\u00f3 la victoria con un gol m\u00e1s para el Vasco Da Gama, que tambi\u00e9n cont\u00f3 con la destacada actuaci\u00f3n de Luca Orellano.<\/p>\n<p>Con estos dos tantos, Vegetti alcanz\u00f3 los 6 goles en 7 partidos disputados. A su vez, ya se convirti\u00f3 en el m\u00e1ximo goleador del equipo en la actual temporada.<\/p>\n<p><strong>Los goles:<\/strong><\/p>\n<blockquote class=\"twitter-tweet\" readability=\"5.9384615384615\">\n<p lang=\"es\" dir=\"ltr\">\u00a1TERCER GOL CONSECUTIVO PARA VEGETTI EN VASCO DA GAMA! El argentino marc\u00f3 vs. Coritiba y el equipo del Pelado D\u00edaz sue\u00f1a con la permanencia. <\/p>\n<p>\ud83d\udcfa Mir\u00e1 el <a href=\"https:\/\/twitter.com\/hashtag\/Brasileirao?src=hash&amp;ref_src=twsrc%5Etfw\" target=\"_blank\" rel=\"noopener\">#Brasileirao<\/a> por <a href=\"https:\/\/twitter.com\/hashtag\/StarPlusLA?src=hash&amp;ref_src=twsrc%5Etfw\" target=\"_blank\" rel=\"noopener\">#StarPlusLA<\/a> <a href=\"https:\/\/t.co\/c9scKwDIdD\" target=\"_blank\" rel=\"noopener\">pic.twitter.com\/c9scKwDIdD<\/a><\/p>\n<p>\u2014 SportsCenter (@SC_ESPN) <a href=\"https:\/\/twitter.com\/SC_ESPN\/status\/1705000905341296864?ref_src=twsrc%5Etfw\" target=\"_blank\" rel=\"noopener\">September 21, 2023<\/a><\/p><\/blockquote>\n<blockquote class=\"twitter-tweet\" readability=\"6.078853046595\">\n<p lang=\"es\" dir=\"ltr\">Tercer partido consecutivo\u2026 \u00a1Y AHORA DOBLETE! Pablo Vegetti marc\u00f3 por DUPLICADO y el Vasco da Gama de Ram\u00f3n D\u00edaz comienza a liquidar el partido vs. Coritiba. <\/p>\n<p>\ud83d\udcfa Mir\u00e1 el <a href=\"https:\/\/twitter.com\/hashtag\/Brasileirao?src=hash&amp;ref_src=twsrc%5Etfw\" target=\"_blank\" rel=\"noopener\">#Brasileirao<\/a> por <a href=\"https:\/\/twitter.com\/hashtag\/StarPlusLA?src=hash&amp;ref_src=twsrc%5Etfw\" target=\"_blank\" rel=\"noopener\">#StarPlusLA<\/a> <a href=\"https:\/\/t.co\/eRw5eUENin\" target=\"_blank\" rel=\"noopener\">pic.twitter.com\/eRw5eUENin<\/a><\/p>\n<p>\u2014 SportsCenter (@SC_ESPN) <a href=\"https:\/\/twitter.com\/SC_ESPN\/status\/1705003336678682721?ref_src=twsrc%5Etfw\" target=\"_blank\" rel=\"noopener\">September 21, 2023<\/a><\/p><\/blockquote>\n<p><strong>Tabla de posiciones<\/strong> (descienden los cuatro peor posicionados):<\/p>\n<figure class=\"wp-block-table\"><\/figure>\n<p>Te puede interesar: <a href=\"https:\/\/canalshowsport.com.ar\/belgrano-enfrenta-a-platense-en-alberdi\/\" target=\"_blank\" rel=\"noreferrer noopener\">Belgrano supo cambiar a tiempo y gole\u00f3 a Platense en Alberdi<\/a><\/p>\n","protected":false},"excerpt":{"rendered":"<p>El Vasco Da Gama, bajo la direcci\u00f3n de Ram\u00f3n D\u00edaz, contin\u00faa su lucha implacable por escapar de la zona de descenso en el Brasileirao. En el \u00faltimo partido de la jornada 24 del Brasileirao, el exjugador de Belgrano anot\u00f3 dos goles en la contundente victoria por 5-1 sobre Coritiba. El equipo dirigido por el estratega [&hellip;]<\/p>\n","protected":false},"author":1,"featured_media":16273,"comment_status":"closed","ping_status":"closed","sticky":false,"template":"","format":"standard","meta":{"om_disable_all_campaigns":false,"_monsterinsights_skip_tracking":false,"_monsterinsights_sitenote_active":false,"_monsterinsights_sitenote_note":"","_monsterinsights_sitenote_category":0},"categories":[16],"tags":[22,998,1466,681,247],"aioseo_notices":[],"_links":{"self":[{"href":"https:\/\/economiapoliticacba.com\/index.php?rest_route=\/wp\/v2\/posts\/16272"}],"collection":[{"href":"https:\/\/economiapoliticacba.com\/index.php?rest_route=\/wp\/v2\/posts"}],"about":[{"href":"https:\/\/economiapoliticacba.com\/index.php?rest_route=\/wp\/v2\/types\/post"}],"author":[{"embeddable":true,"href":"https:\/\/economiapoliticacba.com\/index.php?rest_route=\/wp\/v2\/users\/1"}],"replies":[{"embeddable":true,"href":"https:\/\/economiapoliticacba.com\/index.php?rest_route=%2Fwp%2Fv2%2Fcomments&post=16272"}],"version-history":[{"count":0,"href":"https:\/\/economiapoliticacba.com\/index.php?rest_route=\/wp\/v2\/posts\/16272\/revisions"}],"wp:featuredmedia":[{"embeddable":true,"href":"https:\/\/economiapoliticacba.com\/index.php?rest_route=\/wp\/v2\/media\/16273"}],"wp:attachment":[{"href":"https:\/\/economiapoliticacba.com\/index.php?rest_route=%2Fwp%2Fv2%2Fmedia&parent=16272"}],"wp:term":[{"taxonomy":"category","embeddable":true,"href":"https:\/\/economiapoliticacba.com\/index.php?rest_route=%2Fwp%2Fv2%2Fcategories&post=16272"},{"taxonomy":"post_tag","embeddable":true,"href":"https:\/\/economiapoliticacba.com\/index.php?rest_route=%2Fwp%2Fv2%2Ftags&post=16272"}],"curies":[{"name":"wp","href":"https:\/\/api.w.org\/{rel}","templated":true}]}}