{"id":1575,"date":"2022-10-25T02:23:51","date_gmt":"2022-10-25T02:23:51","guid":{"rendered":"https:\/\/canalshowsport.com.ar\/?p=247714"},"modified":"2022-10-25T02:23:51","modified_gmt":"2022-10-25T02:23:51","slug":"racing-suena-queremos-ascender-y-trabajamos-para-eso","status":"publish","type":"post","link":"https:\/\/economiapoliticacba.com\/?p=1575","title":{"rendered":"Racing sue\u00f1a: &#8220;Queremos ascender y trabajamos para eso&#8221;"},"content":{"rendered":"<div><img src=\"http:\/\/economiapoliticacba.com\/wp-content\/uploads\/2022\/10\/racing-suena-queremos-ascender-y-trabajamos-para-eso.png\" class=\"ff-og-image-inserted\"><\/div>\n<div data-id=\"6f753c0\" data-element_type=\"widget\" data-widget_type=\"theme-post-excerpt.default\" readability=\"11\">\n<p> Manuel P\u00e9rez, presidente de la Academia, dialog\u00f3 en L\u00ednea de Cuatro sobre el panorama del equipo, que busca el ascenso a Primera Nacional. <\/p>\n<\/p><\/div>\n<div data-id=\"5fdef6e\" data-element_type=\"widget\" data-widget_type=\"theme-post-content.default\" readability=\"30.430655551345\">\n<div class=\"elementor-widget-container\" readability=\"30.929518757105\">\n<p><strong><em><a href=\"https:\/\/canalshowsport.com.ar\/category\/futbol\/racing\/\">Racing <\/a><\/em><\/strong>super\u00f3 una nueva eliminatoria en el Reducido del Federal A y se instal\u00f3 en cuartos de final del torneo que otorga un ascenso a la Primera Nacional. El equipo de Nueva Italia sue\u00f1a con volver a jugar en la segunda categor\u00eda del f\u00fatbol argentino y el fin de semana dio otro paso m\u00e1s hacia el objetivo tras derrotar 2 a 0 a Sportivo Las Parejas en el Miguel Sancho.<\/p>\n<p>Manuel P\u00e9rez, presidente de Racing, dialog\u00f3 con <em><strong>L\u00ednea de Cuatro<\/strong><\/em> (lunes 22.00 horas por Showsport) y habl\u00f3 sobre el momento del equipo.<em><strong> &#8220;Nos preparamos todo el a\u00f1o para jugar los Playoffs. Sabemos que no alcanza el empate asique vamos a salir a ganar. Est\u00e1n todos mentalizados, sabemos que tenemos un gran equipo. Es una final m\u00e1s&#8221;<\/strong><\/em>, manifest\u00f3 la m\u00e1xima autoridad de la Academia acerca de lo que se viene el fin de semana pr\u00f3xima.<\/p>\n<p>En cuartos de final el equipo que dirige Carlos Bossio recibir\u00e1 a Central Norte de Salta, rival con quien comparti\u00f3 zona en la fase regular. <em>&#8220;Los equipos que salieron primero y segundo en cada zona son candidatos&#8221;<\/em>, agreg\u00f3 acerca de quienes tienen posibilidades de alcanzar el objetivo. <\/p>\n<figure class=\"wp-block-pullquote\" readability=\"1\">\n<blockquote readability=\"5\">\n<p>&#8220;Queremos ascender y trabajamos para eso&#8221;. <\/p>\n<\/blockquote>\n<\/figure>\n<p>El equipo cordob\u00e9s es uno de los grandes candidatos que tiene la categor\u00eda en lograr el ascenso. En referencia a ese &#8220;<em>t\u00edtulo<\/em>&#8221; que se le viene asignando a la Academia, P\u00e9rez subray\u00f3 que<em><strong> &#8220;desde el primer d\u00eda del a\u00f1o nos preparamos para jugar la final&#8221;<\/strong><\/em>. <\/p>\n<h4>La confianza en &#8220;Chiquito&#8221;<\/h4>\n<p>Luego de la repentina y sorpresiva salida de Hern\u00e1n &#8220;Tota&#8221; Medina del primer equipo, Racing vivi\u00f3 momentos complicados a menos de diez d\u00edas del inicio de la temporada. Sin embargo, la dirigencia encabezada por P\u00e9rez se movi\u00f3 r\u00e1pido y consigui\u00f3 en Bossio el sucesor de Medina.<\/p>\n<p>Sin embargo, las negociaciones no fueron sencillas. &#8220;<em>En aquellas horas de zozobra sobre la decisi\u00f3n de Medina de irse, ped\u00ed 48hs a la comisi\u00f3n para convencerlo a Bossio. Primero dijo que no y luego lo pudimos cerrar a los 5&#8242;. Estamos muy contentos con \u00e9l&#8221;<\/em>, afirm\u00f3. <\/p>\n<figure class=\"wp-block-pullquote\" readability=\"1.5\">\n<blockquote readability=\"6\">\n<p>&#8220;Se amold\u00f3 muy bien al cargo, tiene una gran personalidad&#8221;.<\/p>\n<\/blockquote>\n<\/figure>\n<h4>Una baja importante<\/h4>\n<p>Alan Murialdo, una de las figuras que tiene la Academia, sufri\u00f3 una fractura de c\u00fabito en el brazo izquierdo en el choque ante Sportivo Las Parejas. Desde el departamento m\u00e9dico se confirm\u00f3 que el jugador estar\u00e1 afuera por aproximadamente un mes, por lo que se perder\u00e1 la recta final del certamen. &#8220;<em><strong>Se perder\u00e1 todo lo que resta del torneo&#8221;<\/strong><\/em>, afirm\u00f3 nuevamente P\u00e9rez.<\/p>\n<p>Consultado acerca de la posibilidad de que llegue un reemplazo en su puesto, confirm\u00f3 que realizaron las gestiones ante AFA pero el pedido fue rechazado ya que no est\u00e1 permitido en esta instancia. <\/p>\n<\/p><\/div><\/div>\n","protected":false},"excerpt":{"rendered":"<p>Manuel P\u00e9rez, presidente de la Academia, dialog\u00f3 en L\u00ednea de Cuatro sobre el panorama del equipo, que busca el ascenso a Primera Nacional. Racing super\u00f3 una nueva eliminatoria en el Reducido del Federal A y se instal\u00f3 en cuartos de final del torneo que otorga un ascenso a la Primera Nacional. El equipo de Nueva [&hellip;]<\/p>\n","protected":false},"author":1,"featured_media":1576,"comment_status":"closed","ping_status":"closed","sticky":false,"template":"","format":"standard","meta":{"om_disable_all_campaigns":false,"_monsterinsights_skip_tracking":false,"_monsterinsights_sitenote_active":false,"_monsterinsights_sitenote_note":"","_monsterinsights_sitenote_category":0},"categories":[16],"tags":[34,57],"aioseo_notices":[],"_links":{"self":[{"href":"https:\/\/economiapoliticacba.com\/index.php?rest_route=\/wp\/v2\/posts\/1575"}],"collection":[{"href":"https:\/\/economiapoliticacba.com\/index.php?rest_route=\/wp\/v2\/posts"}],"about":[{"href":"https:\/\/economiapoliticacba.com\/index.php?rest_route=\/wp\/v2\/types\/post"}],"author":[{"embeddable":true,"href":"https:\/\/economiapoliticacba.com\/index.php?rest_route=\/wp\/v2\/users\/1"}],"replies":[{"embeddable":true,"href":"https:\/\/economiapoliticacba.com\/index.php?rest_route=%2Fwp%2Fv2%2Fcomments&post=1575"}],"version-history":[{"count":0,"href":"https:\/\/economiapoliticacba.com\/index.php?rest_route=\/wp\/v2\/posts\/1575\/revisions"}],"wp:featuredmedia":[{"embeddable":true,"href":"https:\/\/economiapoliticacba.com\/index.php?rest_route=\/wp\/v2\/media\/1576"}],"wp:attachment":[{"href":"https:\/\/economiapoliticacba.com\/index.php?rest_route=%2Fwp%2Fv2%2Fmedia&parent=1575"}],"wp:term":[{"taxonomy":"category","embeddable":true,"href":"https:\/\/economiapoliticacba.com\/index.php?rest_route=%2Fwp%2Fv2%2Fcategories&post=1575"},{"taxonomy":"post_tag","embeddable":true,"href":"https:\/\/economiapoliticacba.com\/index.php?rest_route=%2Fwp%2Fv2%2Ftags&post=1575"}],"curies":[{"name":"wp","href":"https:\/\/api.w.org\/{rel}","templated":true}]}}