{"id":10231,"date":"2023-05-11T01:41:55","date_gmt":"2023-05-11T01:41:55","guid":{"rendered":"https:\/\/canalshowsport.com.ar\/?p=281134"},"modified":"2023-05-11T01:41:55","modified_gmt":"2023-05-11T01:41:55","slug":"cristian-pavon-brillo-en-la-goleada-de-mineiro-sobre-cuiaba","status":"publish","type":"post","link":"https:\/\/economiapoliticacba.com\/?p=10231","title":{"rendered":"Cristian Pav\u00f3n brill\u00f3 en la goleada de Mineiro sobre Cuiab\u00e1"},"content":{"rendered":"<p>Atl\u00e9tico Mineiro se impuso por 4 a 0 en su visita a Cuiab\u00e1 en el estadio Arena Pantanal, por la fecha 5 del torneo Brasileirao.<\/p>\n<p>El primer gol de la jornada lo convirti\u00f3 Hyoran&nbsp; a los 17 minutos del primer tiempo, luego de una gran asistencia del cordob\u00e9s Cristian Pav\u00f3n. Ya en el complemento, a los seis minutos, Hulk cambi\u00f3 penal por gol y puso el 2 a 0 para el Gallo.<\/p>\n<p>A los 27&#8242; de la segunda mitad, el ex Talleres volvi\u00f3 a aparecer como una fuerte opci\u00f3n en la ofensiva y fue el autor del tercer gol. En el cierre del encuentro, a los 42&#8242; y con otra asistencia de Pav\u00f3n, Paulinho firm\u00f3 el cuarto y cerr\u00f3 el resultado final a favor de los dirigidos por el &#8220;Chacho&#8221; Coudet.<\/p>\n<p>Con la victoria, el Mineiro alcanz\u00f3 los siete puntos en el noveno puesto de la tabla de posiciones y en la pr\u00f3xima fecha ser\u00e1 local ante Inter, el s\u00e1bado 13 a las 21hs.<\/p>\n<figure class=\"wp-block-image size-full is-resized\"><img loading=\"lazy\" decoding=\"async\" alt=\"Cristian Pav\u00f3n brill\u00f3 en la goleada de Mineiro sobre Cuiab\u00e1 | Canal Showsport\" width=\"810\" height=\"719\" data-sizes=\"(max-width: 810px) 100vw, 810px\" class=\"wp-image-281139 lazyload\" src=\"http:\/\/economiapoliticacba.com\/wp-content\/uploads\/2023\/05\/cristian-pavon-brillo-en-la-goleada-de-mineiro-sobre-cuiaba.png\" srcset=\"http:\/\/economiapoliticacba.com\/wp-content\/uploads\/2023\/05\/cristian-pavon-brillo-en-la-goleada-de-mineiro-sobre-cuiaba.png 1077w, http:\/\/economiapoliticacba.com\/wp-content\/uploads\/2023\/05\/cristian-pavon-brillo-en-la-goleada-de-mineiro-sobre-cuiaba-2.png 768w, http:\/\/economiapoliticacba.com\/wp-content\/uploads\/2023\/05\/cristian-pavon-brillo-en-la-goleada-de-mineiro-sobre-cuiaba-3.png 24w, http:\/\/economiapoliticacba.com\/wp-content\/uploads\/2023\/05\/cristian-pavon-brillo-en-la-goleada-de-mineiro-sobre-cuiaba-4.png 36w, http:\/\/economiapoliticacba.com\/wp-content\/uploads\/2023\/05\/cristian-pavon-brillo-en-la-goleada-de-mineiro-sobre-cuiaba-5.png 48w, http:\/\/economiapoliticacba.com\/wp-content\/uploads\/2023\/05\/cristian-pavon-brillo-en-la-goleada-de-mineiro-sobre-cuiaba-6.png 750w\"><noscript><img loading=\"lazy\" decoding=\"async\" src=\"http:\/\/economiapoliticacba.com\/wp-content\/uploads\/2023\/05\/cristian-pavon-brillo-en-la-goleada-de-mineiro-sobre-cuiaba.png\" alt=\"Cristian Pav\u00f3n brill\u00f3 en la goleada de Mineiro sobre Cuiab\u00e1 | Canal Showsport\" class=\"wp-image-281139\" width=\"810\" height=\"719\" srcset=\"http:\/\/economiapoliticacba.com\/wp-content\/uploads\/2023\/05\/cristian-pavon-brillo-en-la-goleada-de-mineiro-sobre-cuiaba.png 1077w, http:\/\/economiapoliticacba.com\/wp-content\/uploads\/2023\/05\/cristian-pavon-brillo-en-la-goleada-de-mineiro-sobre-cuiaba-2.png 768w, http:\/\/economiapoliticacba.com\/wp-content\/uploads\/2023\/05\/cristian-pavon-brillo-en-la-goleada-de-mineiro-sobre-cuiaba-3.png 24w, http:\/\/economiapoliticacba.com\/wp-content\/uploads\/2023\/05\/cristian-pavon-brillo-en-la-goleada-de-mineiro-sobre-cuiaba-4.png 36w, http:\/\/economiapoliticacba.com\/wp-content\/uploads\/2023\/05\/cristian-pavon-brillo-en-la-goleada-de-mineiro-sobre-cuiaba-5.png 48w, http:\/\/economiapoliticacba.com\/wp-content\/uploads\/2023\/05\/cristian-pavon-brillo-en-la-goleada-de-mineiro-sobre-cuiaba-6.png 750w\" sizes=\"(max-width: 810px) 100vw, 810px\"><\/noscript><\/figure>\n<h4 class=\"wp-block-heading\">Las grandes intervenciones de Pav\u00f3n<\/h4>\n<h5 class=\"wp-block-heading\">Asistencia a Hyoran para el 1-0<\/h5>\n<figure class=\"wp-block-embed is-type-rich is-provider-twitter wp-block-embed-twitter\"><\/figure>\n<h5 class=\"wp-block-heading\">Gol propio para el 3-0<\/h5>\n<figure class=\"wp-block-embed is-type-rich is-provider-twitter wp-block-embed-twitter\"><\/figure>\n<h5 class=\"wp-block-heading\">Asistencia a Paulinho para el 4-0<\/h5>\n<figure class=\"wp-block-embed is-type-rich is-provider-twitter wp-block-embed-twitter\"><\/figure>\n<h5 class=\"wp-block-heading\">Le\u00e9 tambi\u00e9n<em>: <a href=\"https:\/\/canalshowsport.com.ar\/dybala-es-duda-en-la-roma-para-la-primera-semifinal-de-la-europa-league\/\">Dybala es duda en la Roma para la primera semifinal de la Europa League<\/a><\/em><\/h5>\n<p>Fotos: prensa<a href=\"https:\/\/atletico.com.br\/\" target=\"_blank\" rel=\"noopener\"> Atl\u00e9tico Mineiro<\/a><\/p>\n","protected":false},"excerpt":{"rendered":"<p>Atl\u00e9tico Mineiro se impuso por 4 a 0 en su visita a Cuiab\u00e1 en el estadio Arena Pantanal, por la fecha 5 del torneo Brasileirao. El primer gol de la jornada lo convirti\u00f3 Hyoran&nbsp; a los 17 minutos del primer tiempo, luego de una gran asistencia del cordob\u00e9s Cristian Pav\u00f3n. Ya en el complemento, a [&hellip;]<\/p>\n","protected":false},"author":1,"featured_media":10232,"comment_status":"closed","ping_status":"closed","sticky":false,"template":"","format":"standard","meta":{"om_disable_all_campaigns":false,"_monsterinsights_skip_tracking":false,"_monsterinsights_sitenote_active":false,"_monsterinsights_sitenote_note":"","_monsterinsights_sitenote_category":0},"categories":[16],"tags":[997,998,999,1000,34],"aioseo_notices":[],"_links":{"self":[{"href":"https:\/\/economiapoliticacba.com\/index.php?rest_route=\/wp\/v2\/posts\/10231"}],"collection":[{"href":"https:\/\/economiapoliticacba.com\/index.php?rest_route=\/wp\/v2\/posts"}],"about":[{"href":"https:\/\/economiapoliticacba.com\/index.php?rest_route=\/wp\/v2\/types\/post"}],"author":[{"embeddable":true,"href":"https:\/\/economiapoliticacba.com\/index.php?rest_route=\/wp\/v2\/users\/1"}],"replies":[{"embeddable":true,"href":"https:\/\/economiapoliticacba.com\/index.php?rest_route=%2Fwp%2Fv2%2Fcomments&post=10231"}],"version-history":[{"count":0,"href":"https:\/\/economiapoliticacba.com\/index.php?rest_route=\/wp\/v2\/posts\/10231\/revisions"}],"wp:featuredmedia":[{"embeddable":true,"href":"https:\/\/economiapoliticacba.com\/index.php?rest_route=\/wp\/v2\/media\/10232"}],"wp:attachment":[{"href":"https:\/\/economiapoliticacba.com\/index.php?rest_route=%2Fwp%2Fv2%2Fmedia&parent=10231"}],"wp:term":[{"taxonomy":"category","embeddable":true,"href":"https:\/\/economiapoliticacba.com\/index.php?rest_route=%2Fwp%2Fv2%2Fcategories&post=10231"},{"taxonomy":"post_tag","embeddable":true,"href":"https:\/\/economiapoliticacba.com\/index.php?rest_route=%2Fwp%2Fv2%2Ftags&post=10231"}],"curies":[{"name":"wp","href":"https:\/\/api.w.org\/{rel}","templated":true}]}}